{"id":3522,"date":"2012-04-05T19:57:15","date_gmt":"2012-04-06T00:57:15","guid":{"rendered":"http:\/\/programasperu.com\/restaurantes-peruanos\/3522\/bohemia-cafe-y-mas.html"},"modified":"2015-05-06T16:58:13","modified_gmt":"2015-05-06T21:58:13","slug":"bohemia-cafe-y-mas","status":"publish","type":"post","link":"https:\/\/www.programasperu.com\/restaurantes-peruanos\/3522\/bohemia-cafe-y-mas.html","title":{"rendered":"Bohemia Caf\u00e9 y M\u00e1s"},"content":{"rendered":"<p><a href=\"http:\/\/programasperu.com\/restaurantes-peruanos\/wp-content\/uploads\/2012\/04\/Bohemialogo.jpg\"><img loading=\"lazy\" decoding=\"async\" class=\"aligncenter\" title=\"Bohemialogo\" src=\"http:\/\/programasperu.com\/restaurantes-peruanos\/wp-content\/uploads\/2012\/04\/Bohemialogo-300x173.jpg\" alt=\"\" width=\"300\" height=\"173\" \/><\/a><\/p>\n<div><strong>Noticia:<\/strong><\/div>\n<ul>\n<li>Cerrado<\/li>\n<\/ul>\n<div><strong>Rese\u00f1a:<\/strong><\/div>\n<ul>\n<li>15 A\u00d1OS ya han pasado desde la apertura en diciembre de 1995 y BOHEMIA CAF\u00c9 Y M\u00c1S sigue siendo sin\u00f3nimo de calidad y excelencia en el servicio en su local ubicado en el Ovalo Guti\u00e9rrez, Miraflores. La carta se basa en los mejores productos que dan origen a una cocina mediterr\u00e1nea y fusi\u00f3n moderna, lo que lo convierte en una visita obligada para gourmets y amantes de la buena cocina y cocteler\u00eda. BOHEMIA, nuevamente se lanza como GALERIA de expresiones art\u00edsticas lo que lo convierte en una visita obligada, tambi\u00e9n, para los amantes del arte.<\/li>\n<\/ul>\n<div><a href=\"http:\/\/programasperu.com\/restaurantes-peruanos\/wp-content\/uploads\/2012\/04\/Bohemiacafebar.jpg\"><img loading=\"lazy\" decoding=\"async\" class=\"size-medium wp-image-4367 aligncenter\" title=\"Bohemiacafebar\" src=\"http:\/\/programasperu.com\/restaurantes-peruanos\/wp-content\/uploads\/2012\/04\/Bohemiacafebar-300x215.jpg\" alt=\"\" width=\"300\" height=\"215\" srcset=\"https:\/\/www.programasperu.com\/restaurantes-peruanos\/wp-content\/uploads\/2012\/04\/Bohemiacafebar-300x215.jpg 300w, https:\/\/www.programasperu.com\/restaurantes-peruanos\/wp-content\/uploads\/2012\/04\/Bohemiacafebar.jpg 634w\" sizes=\"auto, (max-width: 300px) 100vw, 300px\" \/><\/a><\/div>\n<div><strong>Especialidades:<\/strong><\/div>\n<ul>\n<li>Internacional<\/li>\n<\/ul>\n<div><strong>Direcciones:<\/strong><\/div>\n<ul>\n<li>C.C. Megaplaza 2do Piso. Av. Alfredo Mendiola 3698, Independencia<\/li>\n<li>Av. Santa Cruz 805, Ovalo Gutierrez, Miraflores<\/li>\n<\/ul>\n<div><strong>Horarios:<\/strong><\/div>\n<ul>\n<li>Lunes a Domingo: 1pm &#8211; 2am<\/li>\n<\/ul>\n","protected":false},"excerpt":{"rendered":"<p>Noticia: Cerrado Rese\u00f1a: 15 A\u00d1OS ya han pasado desde la apertura en diciembre de 1995 y BOHEMIA CAF\u00c9 Y M\u00c1S sigue siendo sin\u00f3nimo de calidad y excelencia en el servicio en su local ubicado en el Ovalo Guti\u00e9rrez, Miraflores. La &hellip; <a href=\"https:\/\/www.programasperu.com\/restaurantes-peruanos\/3522\/bohemia-cafe-y-mas.html\">Sigue leyendo <span class=\"meta-nav\">&rarr;<\/span><\/a><\/p>\n","protected":false},"author":1,"featured_media":4366,"comment_status":"closed","ping_status":"closed","sticky":false,"template":"","format":"standard","meta":{"ngg_post_thumbnail":0,"footnotes":""},"categories":[12,3064],"tags":[1663,1668,1671,1672,1670,1674,1667,1334,1333,1664,1332,1329,1331,1330,420,773,1673,1669,1539,1665,1666],"class_list":{"0":"post-3522","1":"post","2":"type-post","3":"status-publish","4":"format-standard","5":"has-post-thumbnail","7":"category-internacional","8":"category-locales-cerrados","9":"tag-almorzar-en-independencia","10":"tag-almuerzos-en-independencia","11":"tag-atencion-en-bohemia-cafe-y-mas","12":"tag-atencion-en-restaurante-bohemia-cafe-y-mas","13":"tag-bohemia-cafe-y-mas-restaurante","14":"tag-comentarios-de-bohemia-cafe-y-mas","15":"tag-comida-en-independencia","16":"tag-corvina-a-la-meniere","17":"tag-corvina-en-salsa-de-miel-de-aji","18":"tag-donde-comer-en-independencia","19":"tag-el-lomazo-bohemia","20":"tag-lomito-a-lo-pobre","21":"tag-lomo-a-la-huancaina","22":"tag-lomo-a-la-pimienta-verde","23":"tag-pastas","24":"tag-pizzas","25":"tag-resena-de-bohemia-cafe-y-mas","26":"tag-restaurante-bohemia-cafe-y-mas","27":"tag-restaurante-bohemia-megaplaza","28":"tag-restaurante-en-independencia","29":"tag-restaurantes-en-independencia"},"_links":{"self":[{"href":"https:\/\/www.programasperu.com\/restaurantes-peruanos\/wp-json\/wp\/v2\/posts\/3522","targetHints":{"allow":["GET"]}}],"collection":[{"href":"https:\/\/www.programasperu.com\/restaurantes-peruanos\/wp-json\/wp\/v2\/posts"}],"about":[{"href":"https:\/\/www.programasperu.com\/restaurantes-peruanos\/wp-json\/wp\/v2\/types\/post"}],"author":[{"embeddable":true,"href":"https:\/\/www.programasperu.com\/restaurantes-peruanos\/wp-json\/wp\/v2\/users\/1"}],"replies":[{"embeddable":true,"href":"https:\/\/www.programasperu.com\/restaurantes-peruanos\/wp-json\/wp\/v2\/comments?post=3522"}],"version-history":[{"count":0,"href":"https:\/\/www.programasperu.com\/restaurantes-peruanos\/wp-json\/wp\/v2\/posts\/3522\/revisions"}],"wp:featuredmedia":[{"embeddable":true,"href":"https:\/\/www.programasperu.com\/restaurantes-peruanos\/wp-json\/wp\/v2\/media\/4366"}],"wp:attachment":[{"href":"https:\/\/www.programasperu.com\/restaurantes-peruanos\/wp-json\/wp\/v2\/media?parent=3522"}],"wp:term":[{"taxonomy":"category","embeddable":true,"href":"https:\/\/www.programasperu.com\/restaurantes-peruanos\/wp-json\/wp\/v2\/categories?post=3522"},{"taxonomy":"post_tag","embeddable":true,"href":"https:\/\/www.programasperu.com\/restaurantes-peruanos\/wp-json\/wp\/v2\/tags?post=3522"}],"curies":[{"name":"wp","href":"https:\/\/api.w.org\/{rel}","templated":true}]}}