{"id":317,"date":"2011-09-25T11:45:56","date_gmt":"2011-09-25T16:45:56","guid":{"rendered":"http:\/\/programasperu.com\/restaurantes-peruanos\/?p=317"},"modified":"2021-06-23T20:44:21","modified_gmt":"2021-06-24T01:44:21","slug":"el-rincon-que-no-conoces","status":"publish","type":"post","link":"https:\/\/www.programasperu.com\/restaurantes-peruanos\/317\/el-rincon-que-no-conoces.html","title":{"rendered":"El Rinc\u00f3n Que No Conoces"},"content":{"rendered":"<div><a href=\"http:\/\/www.programasperu.com\/restaurantes-peruanos\/wp-content\/uploads\/2011\/09\/rincon-q-no-conoces.png\"><img loading=\"lazy\" decoding=\"async\" class=\"aligncenter size-full wp-image-9263\" alt=\"rincon-q-no-conoces\" src=\"http:\/\/www.programasperu.com\/restaurantes-peruanos\/wp-content\/uploads\/2011\/09\/rincon-q-no-conoces.png\" width=\"187\" height=\"164\" \/><\/a><\/div>\n<div><strong>Rese\u00f1a:<\/strong><\/div>\n<ul>\n<li>El Rinc\u00f3n que no Conoces se hizo mas que conocido, mas de uno ha tenido curiosidad de c\u00f3mo surgi\u00f3 la idea, nace inspirado un lugar que do\u00f1a Teresa hab\u00eda visitado; entonces un d\u00eda, en reuni\u00f3n con su hija y sobrinas buscando que nombre ponerle a su negocio, piensen en algo pero que diga Rinc\u00f3n dijo, surgieron muchos nombres y entre ellos a su sobrina Consuelo se le ocurri\u00f3 El Rinc\u00f3n desconocido, ha do\u00f1a Teresa no le gusto mucho eso de desconocido, pero no le pareci\u00f3 mal la idea, reemplazaron entonces la palabra desconocido con palabras mas sugerentes y surge la idea del nombre que a muchos llama la atenci\u00f3n, ha do\u00f1a Teresa le gustar\u00eda ver nuevamente a aquellos que le vaticinaron que fracasar\u00eda, con su formula de Carta reducida, la cual tiene su motivo ella siempre quiso cocinar a diario para sus comensales, comida casera hecha con cari\u00f1o y dedicaci\u00f3n, y si se acaba sus clientes tengan la paciencia de esperar que se vuelva a preparar.<\/li>\n<\/ul>\n<p><a href=\"http:\/\/programasperu.com\/restaurantes-peruanos\/wp-content\/uploads\/2011\/09\/elrincon.jpg\"><img loading=\"lazy\" decoding=\"async\" class=\"size-medium wp-image-2316 aligncenter\" title=\"elrincon\" alt=\"\" src=\"http:\/\/programasperu.com\/restaurantes-peruanos\/wp-content\/uploads\/2011\/09\/elrincon-300x226.jpg\" width=\"300\" height=\"226\" srcset=\"https:\/\/www.programasperu.com\/restaurantes-peruanos\/wp-content\/uploads\/2011\/09\/elrincon-300x226.jpg 300w, https:\/\/www.programasperu.com\/restaurantes-peruanos\/wp-content\/uploads\/2011\/09\/elrincon.jpg 356w\" sizes=\"auto, (max-width: 300px) 100vw, 300px\" \/><\/a><\/p>\n<div><strong>Especialidades:<\/strong><\/div>\n<ul>\n<li>Buffet criollo. Martes, jueves y domingos platos criollos a la carta, Gran Festival del Frejol, \u00fanico en Lima donde presentan 26 preparaciones diferentes de esta Menestra, desde Pizza hasta Empanadas, Aventura Culinaria que no debe perderse.<\/li>\n<\/ul>\n<div><strong>Direcci\u00f3n:<\/strong><\/div>\n<ul>\n<li>\u00a0Bernardo Alcedo 363 (alt. cuadra 20 de Petit Thouars), Lince<\/li>\n<\/ul>\n<div><strong>Fono:<\/strong><\/div>\n<ul>\n<li><a href=\"tel:014712171\">(01)4712171<\/a><\/li>\n<\/ul>\n<div><strong>Correo:<\/strong><\/div>\n<ul>\n<li><a href=\"mailto:informes@elrinconquenoconoces.pe\">informes@elrinconquenoconoces.pe<\/a><\/li>\n<\/ul>\n<div><strong>Web:<\/strong><\/div>\n<ul>\n<li><a href=\"https:\/\/elrinconquenoconoces.pe\/site\/\">El Rinc\u00f3n Que No Conoces<\/a><\/li>\n<li><a href=\"https:\/\/www.facebook.com\/elrinconquenoconoces.pe\">Facebook del Rinc\u00f3n Que No Conoces<\/a><\/li>\n<li><a href=\"https:\/\/www.youtube.com\/watch?v=cNuGXnG3CFw\">YouTube<\/a><\/li>\n<\/ul>\n","protected":false},"excerpt":{"rendered":"<p>Rese\u00f1a: El Rinc\u00f3n que no Conoces se hizo mas que conocido, mas de uno ha tenido curiosidad de c\u00f3mo surgi\u00f3 la idea, nace inspirado un lugar que do\u00f1a Teresa hab\u00eda visitado; entonces un d\u00eda, en reuni\u00f3n con su hija y &hellip; <a href=\"https:\/\/www.programasperu.com\/restaurantes-peruanos\/317\/el-rincon-que-no-conoces.html\">Sigue leyendo <span class=\"meta-nav\">&rarr;<\/span><\/a><\/p>\n","protected":false},"author":1,"featured_media":2316,"comment_status":"closed","ping_status":"closed","sticky":false,"template":"","format":"standard","meta":{"ngg_post_thumbnail":0,"footnotes":""},"categories":[95,208,761],"tags":[1148,1145,1149,1146,1147,1150],"class_list":{"0":"post-317","1":"post","2":"type-post","3":"status-publish","4":"format-standard","5":"has-post-thumbnail","7":"category-buffet-disponible","8":"category-comida-criolla-2","9":"category-comida-nortena-2","10":"tag-aventura-culinaria","11":"tag-buffet-criollo","12":"tag-dona-teresa","13":"tag-gran-festival-del-frejol","14":"tag-menestra","15":"tag-teresa-izquierdo"},"_links":{"self":[{"href":"https:\/\/www.programasperu.com\/restaurantes-peruanos\/wp-json\/wp\/v2\/posts\/317","targetHints":{"allow":["GET"]}}],"collection":[{"href":"https:\/\/www.programasperu.com\/restaurantes-peruanos\/wp-json\/wp\/v2\/posts"}],"about":[{"href":"https:\/\/www.programasperu.com\/restaurantes-peruanos\/wp-json\/wp\/v2\/types\/post"}],"author":[{"embeddable":true,"href":"https:\/\/www.programasperu.com\/restaurantes-peruanos\/wp-json\/wp\/v2\/users\/1"}],"replies":[{"embeddable":true,"href":"https:\/\/www.programasperu.com\/restaurantes-peruanos\/wp-json\/wp\/v2\/comments?post=317"}],"version-history":[{"count":0,"href":"https:\/\/www.programasperu.com\/restaurantes-peruanos\/wp-json\/wp\/v2\/posts\/317\/revisions"}],"wp:featuredmedia":[{"embeddable":true,"href":"https:\/\/www.programasperu.com\/restaurantes-peruanos\/wp-json\/wp\/v2\/media\/2316"}],"wp:attachment":[{"href":"https:\/\/www.programasperu.com\/restaurantes-peruanos\/wp-json\/wp\/v2\/media?parent=317"}],"wp:term":[{"taxonomy":"category","embeddable":true,"href":"https:\/\/www.programasperu.com\/restaurantes-peruanos\/wp-json\/wp\/v2\/categories?post=317"},{"taxonomy":"post_tag","embeddable":true,"href":"https:\/\/www.programasperu.com\/restaurantes-peruanos\/wp-json\/wp\/v2\/tags?post=317"}],"curies":[{"name":"wp","href":"https:\/\/api.w.org\/{rel}","templated":true}]}}