{"id":2884,"date":"2012-02-08T10:50:14","date_gmt":"2012-02-08T15:50:14","guid":{"rendered":"http:\/\/programasperu.com\/restaurantes-peruanos\/?p=2884"},"modified":"2024-09-22T13:15:06","modified_gmt":"2024-09-22T18:15:06","slug":"rincon-gaucho","status":"publish","type":"post","link":"https:\/\/www.programasperu.com\/restaurantes-peruanos\/2884\/rincon-gaucho.html","title":{"rendered":"Rinc\u00f3n Gaucho"},"content":{"rendered":"<p><a href=\"http:\/\/www.programasperu.com\/restaurantes-peruanos\/2884\/rincon-gaucho.html\/rincon-gaucho-2\" rel=\"attachment wp-att-7660\"><img loading=\"lazy\" decoding=\"async\" class=\"aligncenter size-full wp-image-7660\" src=\"http:\/\/www.programasperu.com\/restaurantes-peruanos\/wp-content\/uploads\/2012\/02\/rincon-gaucho-1.jpg\" alt=\"rincon-gaucho\" width=\"202\" height=\"249\" \/><\/a><\/p>\n<div><strong>Rese\u00f1a:<\/strong><\/div>\n<ul>\n<li>Muchos cambios se han producido en estos cuarentaiocho a\u00f1os. Para nosotros, lo m\u00e1s importante fue la inauguraci\u00f3n de un peque\u00f1o local en un rinc\u00f3n del tradicional Parque Salazar. Una parrillada argentina que con mucha ilusi\u00f3n se abr\u00eda lugar en el coraz\u00f3n y gastronom\u00eda del distrito de Miraflores.<\/li>\n<li>El 21 de Marzo de 1963, Dora Stolar de N\u00fa\u00f1ez y Juan Domingo N\u00fa\u00f1ez inauguran el Rinc\u00f3n Gaucho. Desde entonces, ocupa sin duda un lugar importante en el recuerdo de m\u00e1s de tres generaciones, quienes con mucho cari\u00f1o se refieren a nosotros como \u00abLa Catedral de las Carnes\u00bb.<\/li>\n<\/ul>\n<p><a href=\"http:\/\/programasperu.com\/restaurantes-peruanos\/wp-content\/uploads\/2012\/02\/U.jpg\"><img loading=\"lazy\" decoding=\"async\" class=\"wp-image-2895 aligncenter\" title=\"U\" src=\"http:\/\/programasperu.com\/restaurantes-peruanos\/wp-content\/uploads\/2012\/02\/U-300x224.jpg\" alt=\"\" width=\"290\" height=\"198\" \/><\/a><a href=\"http:\/\/programasperu.com\/restaurantes-peruanos\/wp-content\/uploads\/2012\/02\/T.jpg\"><img loading=\"lazy\" decoding=\"async\" class=\"size-medium wp-image-2896 aligncenter\" title=\"T\" src=\"http:\/\/programasperu.com\/restaurantes-peruanos\/wp-content\/uploads\/2012\/02\/T-300x199.jpg\" alt=\"\" width=\"300\" height=\"199\" srcset=\"https:\/\/www.programasperu.com\/restaurantes-peruanos\/wp-content\/uploads\/2012\/02\/T-300x199.jpg 300w, https:\/\/www.programasperu.com\/restaurantes-peruanos\/wp-content\/uploads\/2012\/02\/T.jpg 500w\" sizes=\"auto, (max-width: 300px) 100vw, 300px\" \/><\/a><\/p>\n<div><strong>Especialidades:<\/strong><\/div>\n<ul>\n<li>Empanadas y Chorizos de la casa, Champignones a la parrilla, Parrilla mixta, Bife de Chorizo, Asado de tira, Lomo a la pimienta, Lomo saltado, Vigilante: dulce de Membrillo o batata con Queso, Leche asada, Suspiro lime\u00f1o.<\/li>\n<\/ul>\n<div><strong>Direcci\u00f3n:<\/strong><\/div>\n<ul>\n<li>Av. Grau 1540, Barranco (frente al Estadio Chipoco)<\/li>\n<\/ul>\n<div><strong>Fono:<\/strong><\/div>\n<ul>\n<li><a href=\"tel:015868164\">(01)5868164<\/a><\/li>\n<\/ul>\n<div><strong>Horario:<\/strong><\/div>\n<ul>\n<li>Lunes a S\u00e1bado: 12m &#8211; 12pm<\/li>\n<li>Domingo: 12m &#8211; 6pm<\/li>\n<\/ul>\n<div><strong>Reservas:<\/strong><\/div>\n<ul>\n<li>V\u00eda web con 48 horas de anticipaci\u00f3n<\/li>\n<li>No se aceptan reservas Domingos y Feriados<\/li>\n<\/ul>\n<div><strong>Correo:<\/strong><\/div>\n<ul>\n<li><a href=\"mailto:rincongaucho@infonegocio.net.pe\" target=\"_blank\" rel=\"noopener\">rincongaucho@infonegocio.net.pe<\/a><\/li>\n<\/ul>\n<div><strong>Web:<\/strong><\/div>\n<ul>\n<li><a href=\"https:\/\/www.facebook.com\/rincongauchoperu\" target=\"_blank\" rel=\"noopener\">Facebook<\/a><\/li>\n<\/ul>\n","protected":false},"excerpt":{"rendered":"<p>Rese\u00f1a: Muchos cambios se han producido en estos cuarentaiocho a\u00f1os. Para nosotros, lo m\u00e1s importante fue la inauguraci\u00f3n de un peque\u00f1o local en un rinc\u00f3n del tradicional Parque Salazar. Una parrillada argentina que con mucha ilusi\u00f3n se abr\u00eda lugar en &hellip; <a href=\"https:\/\/www.programasperu.com\/restaurantes-peruanos\/2884\/rincon-gaucho.html\">Sigue leyendo <span class=\"meta-nav\">&rarr;<\/span><\/a><\/p>\n","protected":false},"author":1,"featured_media":2895,"comment_status":"closed","ping_status":"closed","sticky":false,"template":"","format":"standard","meta":{"ngg_post_thumbnail":0,"footnotes":""},"categories":[177,95,55,208,27],"tags":[1302,1461,1460,1029],"class_list":{"0":"post-2884","1":"post","2":"type-post","3":"status-publish","4":"format-standard","5":"has-post-thumbnail","7":"category-bar","8":"category-buffet-disponible","9":"category-carnes-y-parrillas","10":"category-comida-criolla-2","11":"category-todos-los-restaurantes","12":"tag-asado-de-tira","13":"tag-cordon-bleu","14":"tag-cuadril-con-papas-fritas","15":"tag-parrilla"},"_links":{"self":[{"href":"https:\/\/www.programasperu.com\/restaurantes-peruanos\/wp-json\/wp\/v2\/posts\/2884","targetHints":{"allow":["GET"]}}],"collection":[{"href":"https:\/\/www.programasperu.com\/restaurantes-peruanos\/wp-json\/wp\/v2\/posts"}],"about":[{"href":"https:\/\/www.programasperu.com\/restaurantes-peruanos\/wp-json\/wp\/v2\/types\/post"}],"author":[{"embeddable":true,"href":"https:\/\/www.programasperu.com\/restaurantes-peruanos\/wp-json\/wp\/v2\/users\/1"}],"replies":[{"embeddable":true,"href":"https:\/\/www.programasperu.com\/restaurantes-peruanos\/wp-json\/wp\/v2\/comments?post=2884"}],"version-history":[{"count":0,"href":"https:\/\/www.programasperu.com\/restaurantes-peruanos\/wp-json\/wp\/v2\/posts\/2884\/revisions"}],"wp:featuredmedia":[{"embeddable":true,"href":"https:\/\/www.programasperu.com\/restaurantes-peruanos\/wp-json\/wp\/v2\/media\/2895"}],"wp:attachment":[{"href":"https:\/\/www.programasperu.com\/restaurantes-peruanos\/wp-json\/wp\/v2\/media?parent=2884"}],"wp:term":[{"taxonomy":"category","embeddable":true,"href":"https:\/\/www.programasperu.com\/restaurantes-peruanos\/wp-json\/wp\/v2\/categories?post=2884"},{"taxonomy":"post_tag","embeddable":true,"href":"https:\/\/www.programasperu.com\/restaurantes-peruanos\/wp-json\/wp\/v2\/tags?post=2884"}],"curies":[{"name":"wp","href":"https:\/\/api.w.org\/{rel}","templated":true}]}}